{"id":61275,"date":"2021-12-29T16:47:13","date_gmt":"2021-12-29T15:47:13","guid":{"rendered":"https:\/\/blog.docsity.com\/it\/?p=61275"},"modified":"2022-02-01T12:59:08","modified_gmt":"2022-02-01T11:59:08","slug":"30-anni-fa-il-crollo-dellunione-sovietica","status":"publish","type":"post","link":"https:\/\/blog.docsity.com\/it\/curiosita\/30-anni-fa-il-crollo-dellunione-sovietica\/","title":{"rendered":"30 anni fa il crollo dell&#8217;Unione Sovietica"},"content":{"rendered":"\n<h3 class=\"gb-headline gb-headline-f74507c2 gb-headline-text\">La fine di un impero e di un&#8217;epoca<\/h3>\n\n\n\n<p>Sono trascorsi alcuni giorni dal ricordo della caduta dell&#8217;<strong><a href=\"https:\/\/www.docsity.com\/it\/search\/documenti\/?q=Unione%20Sovietica\" target=\"_blank\" rel=\"noreferrer noopener\"><span class=\"has-inline-color has-accent-color\">Unione Sovietica<\/span><\/a><\/strong>, di cui ripercorriamo le fasi in queste righe, avvenuta <strong>30 anni fa<\/strong>. Era la sera di Natale del 1991, quando la bandiera rossa cedette il posto a quella tricolore della <strong>Federazione russa<\/strong>, sancendo di fatto la fine di un impero, durato oltre 70 anni e che ha caratterizzato l\u2019intero XX secolo; dalla <strong>Prima Guerra Mondiale <\/strong>alle <strong>Tesi di Aprile, <\/strong>dai <strong>Soviet <\/strong>alla <strong>Seconda Guerra Mondiale, <\/strong>dall&#8217;apertura dei cancelli di<strong> <a href=\"https:\/\/blog.docsity.com\/it\/vita-da-universitario\/generale\/il-giorno-della-memoria\/\" target=\"_blank\" rel=\"noreferrer noopener\"><span class=\"has-inline-color has-accent-color\">Auschwitz<\/span> <\/a><\/strong>allo <strong>Sputnik, <\/strong>dalla <strong>politica <\/strong>alla <strong>propaganda<\/strong>.&nbsp;<\/p>\n\n\n\n<p>L\u2019ex Presidente <strong><a href=\"https:\/\/www.docsity.com\/it\/search\/documenti\/?q=Michail%20Gorba%C4%8D%C3%ABv\" target=\"_blank\" rel=\"noreferrer noopener\"><span class=\"has-inline-color has-accent-color\">Michail Gorba\u010d\u00ebv<\/span><\/a><\/strong>, che lasci\u00f2 il posto e l&#8217;incarico di costruire una Russia dalle ceneri dell\u2019URSS a <strong><a href=\"https:\/\/www.docsity.com\/it\/search\/documenti\/?q=Boris%20Eltsin\" target=\"_blank\" rel=\"noreferrer noopener\"><span class=\"has-inline-color has-accent-color\">Boris El&#8217;cin<\/span><\/a><\/strong>, ha ricordato cos\u00ec quei momenti in una riflessione consegnata alla <strong>Tass<\/strong>, l&#8217;agenzia di stampa ufficiale russa:&nbsp;<\/p>\n\n\n\n<div class=\"wp-block-image is-style-default\"><figure class=\"alignright size-full is-resized\"><img loading=\"lazy\" src=\"https:\/\/static.docsity.com\/wordpress\/19\/2021\/12\/Gorbaciov-2.jpg\" alt=\"\" class=\"wp-image-61339\" width=\"344\" height=\"206\" srcset=\"https:\/\/static.docsity.com\/wordpress\/19\/2021\/12\/Gorbaciov-2-300x180.jpg 300w, https:\/\/static.docsity.com\/wordpress\/19\/2021\/12\/Gorbaciov-2-768x461.jpg 768w, https:\/\/static.docsity.com\/wordpress\/19\/2021\/12\/Gorbaciov-2.jpg 1024w, https:\/\/static.docsity.com\/wordpress\/19\/2021\/12\/Gorbaciov-2.jpg 1536w, https:\/\/static.docsity.com\/wordpress\/19\/2021\/12\/Gorbaciov-2.jpg 2048w, https:\/\/static.docsity.com\/wordpress\/19\/2021\/12\/Gorbaciov-2.jpg 810w\" sizes=\"(max-width: 344px) 100vw, 344px\" \/><figcaption> <span class=\"has-inline-color has-contrast-color\">Michail Gorba\u010d\u00ebv, <\/span>l&#8217;ultimo leader sovietico<\/figcaption><\/figure><\/div>\n\n\n\n<p>&#8220;<strong>Furono giorni bui per l&#8217;Unione Sovietica, per la Russia e anche per me<\/strong>. Ma non avevo il diritto di agire diversamente&#8221;. L&#8217;ex presidente ha specificato anche perch\u00e9 non us\u00f2 mai la forza per tentare di tenere insieme l&#8217;impero:\u00a0<\/p>\n\n\n\n<p>&#8220;In primo luogo perch\u00e9 avrei smesso di essere me stesso. E poi una decisione del genere avrebbe innescato una guerra civile gravissima e dalle conseguenze imprevedibili. Ero certo che questo scenario dovesse essere evitato a tutti i costi. <strong>\u00c8 certo<\/strong> comunque che il Paese sarebbe potuto sopravvivere anche dopo il tentativo di colpo di stato dell&#8217;agosto 1991 come <strong>Unione di Stati sovrani<\/strong>. Ma fin dall&#8217;inizio abbiamo sottovalutato la portata e la profondit\u00e0 dei problemi nelle relazioni interetniche e nei rapporti tra il centro e le repubbliche. <strong>Ci \u00e8 voluto troppo tempo per capire che l&#8217;Unione aveva bisogno di rinnovamento<\/strong>&#8220;.<\/p>\n\n\n\n<h3><strong>Perestrojka e Glasnost&nbsp;<\/strong><\/h3>\n\n\n\n<p>L\u2019epilogo del 25 dicembre del 1991 era nell\u2019aria da tempo; gi\u00e0 a met\u00e0 anni 80, l\u2019allora presidente Gorba\u010d\u00ebv aveva tentato di \u201csvecchiare\u201d la rigida impostazione statalista attraverso riforme volte a liberare l&#8217;economia. Si trattava della famosa <strong>Perestrojka<\/strong>. Parallelamente, un altro programma &#8211; <strong>Glasnost <\/strong>&#8211; aveva il compito di rinsaldare l\u2019unit\u00e0 interna e il dibattito politico, attenuare la censura, aumentare la libert\u00e0 di stampa e promuovere l\u2019apertura degli archivi storici.&nbsp;<\/p>\n\n\n\n<figure class=\"wp-block-image alignwide size-full\"><img loading=\"lazy\" width=\"640\" height=\"308\" src=\"https:\/\/static.docsity.com\/wordpress\/19\/2021\/12\/The_Soviet_Union_1988_CPA_5942_stamp_Perestroika_reformation._Worker._Industries_and_agriculture.jpg\" alt=\"\" class=\"wp-image-61309\" srcset=\"https:\/\/static.docsity.com\/wordpress\/19\/2021\/12\/The_Soviet_Union_1988_CPA_5942_stamp_Perestroika_reformation._Worker._Industries_and_agriculture-300x144.jpg 300w, https:\/\/static.docsity.com\/wordpress\/19\/2021\/12\/The_Soviet_Union_1988_CPA_5942_stamp_Perestroika_reformation._Worker._Industries_and_agriculture.jpg 1024w, https:\/\/static.docsity.com\/wordpress\/19\/2021\/12\/The_Soviet_Union_1988_CPA_5942_stamp_Perestroika_reformation._Worker._Industries_and_agriculture.jpg 1536w, https:\/\/static.docsity.com\/wordpress\/19\/2021\/12\/The_Soviet_Union_1988_CPA_5942_stamp_Perestroika_reformation._Worker._Industries_and_agriculture.jpg 2048w, https:\/\/static.docsity.com\/wordpress\/19\/2021\/12\/The_Soviet_Union_1988_CPA_5942_stamp_Perestroika_reformation._Worker._Industries_and_agriculture.jpg 640w\" sizes=\"(max-width: 640px) 100vw, 640px\" \/><\/figure>\n\n\n\n<p>Il termine Glasnost non era nuovo al popolo sovietico; <strong><a href=\"https:\/\/www.docsity.com\/it\/search\/documenti\/?q=Lenin\" target=\"_blank\" rel=\"noreferrer noopener\"><span class=\"has-inline-color has-accent-color\">Lenin<\/span><\/a><\/strong>, uno dei padri della nascente Unione Sovietica, nel lontano 1918 indicava la glasnost come una tecnica per stimolare <strong>la partecipazione delle masse<\/strong> e della <strong>necessit\u00e0 di trasparenza e verit\u00e0<\/strong> sopra ogni cosa.<\/p>\n\n\n\n<p>L\u2019esito fu tuttavia l\u2019opposto, con una netta accelerazione &#8211; a posteriori &#8211; verso la definitiva disgregazione. L&#8217;unit\u00e0 delle 15 Repubbliche sovietiche, di cui si faceva forte la propaganda comunista, si stava infatti sciogliendo come neve al sole.<\/p>\n\n\n\n<h3><strong>Il disastro di Chernobyl<\/strong><\/h3>\n\n\n\n<figure class=\"wp-block-image size-full\"><img loading=\"lazy\" width=\"878\" height=\"400\" src=\"https:\/\/static.docsity.com\/wordpress\/19\/2021\/12\/Altravoce-Musica-Disabili.jpg\" alt=\"\" class=\"wp-image-61296\" srcset=\"https:\/\/static.docsity.com\/wordpress\/19\/2021\/12\/Altravoce-Musica-Disabili-300x137.jpg 300w, https:\/\/static.docsity.com\/wordpress\/19\/2021\/12\/Altravoce-Musica-Disabili-768x350.jpg 768w, https:\/\/static.docsity.com\/wordpress\/19\/2021\/12\/Altravoce-Musica-Disabili.jpg 1024w, https:\/\/static.docsity.com\/wordpress\/19\/2021\/12\/Altravoce-Musica-Disabili.jpg 1536w, https:\/\/static.docsity.com\/wordpress\/19\/2021\/12\/Altravoce-Musica-Disabili.jpg 2048w, https:\/\/static.docsity.com\/wordpress\/19\/2021\/12\/Altravoce-Musica-Disabili.jpg 878w\" sizes=\"(max-width: 878px) 100vw, 878px\" \/><figcaption>Centrale nucleare di Chernobyl, Ucraina<\/figcaption><\/figure>\n\n\n\n<p>Nel 1986, il 26 aprile, durante il tentativo di apertura e trasparenza di Gorba\u010d\u00ebv, l\u2019Ucraina e il mondo intero furono scossi da un evento tragico e <strong>ancora drammaticamente attuale<\/strong>, per le conseguenze provocate: <strong>lo scoppio <\/strong>del reattore 4 della centrale nucleare di <strong><a href=\"https:\/\/www.docsity.com\/it\/search\/documenti\/?q=Chernobyl\" target=\"_blank\" rel=\"noreferrer noopener\"><span class=\"has-inline-color has-accent-color\">Chernobyl<\/span><\/a><\/strong>. A pi\u00f9 di tre decenni da una tragedia che gett\u00f2 in allarme l\u2019intero continente, gli <strong>effetti a lungo termine sulla salute<\/strong> delle popolazioni raggiunte dalla nube radioattiva <strong>non sono ancora stati chiariti del tutto<\/strong>.&nbsp;<\/p>\n\n\n\n<p>L\u2019incidente ebbe risonanza mondiale per le devastanti conseguenze sulle vicine popolazioni e per la gestione degli organi statali. La notizia fu inizialmente celata e minimizzata il pi\u00f9 possibile ma il panico generale e l\u2019informazione provenienti dalle radio occidentali (come in Estonia) costrinsero il governo centrale a prendere contromisure. Nelle successive settimane furono evacuate circa <strong>300 mila persone<\/strong> nel raggio di 30 km dall\u2019incidente, la <em>Zona di esclusione<\/em>.<\/p>\n\n\n\n<p>La necessit\u00e0 di riformare e rinnovare l\u2019impero fu cos\u00ec messa da parte per far fronte al disastro. Gli eventi di Chernobyl furono un duro colpo che spazz\u00f2 via molti progetti, mettendo a nudo davanti al popolo<strong> lo stato disastroso del sistema <\/strong>in cui credevano e che reputavano infallibile: la maschera di un governo che teneva in piedi mura di menzogne e bugie, stava iniziando a crollare e dalla catastrofe di Chernobyl buona parte della popolazione comprese che il socialismo era fallito ormai anche sul piano tecnico-scientifico. Con buona pace del programma Perestrojka-Glasnost.<\/p>\n\n\n\n<p>Le grandissime difficolt\u00e0 ad ammettere la gravit\u00e0 della situazione dell\u2019incidente spinsero i riformisti a dare finalmente alla glasnost\u2019 il forte e deciso significato di \u201cdeterminazione nel guardare in faccia la verit\u00e0\u201d che divenne la forza trainante del totale cambiamento, gi\u00e0 in atto e che <strong>avrebbe distrutto le fondamenta del \u201cvecchio edificio\u201d<\/strong>.<\/p>\n\n\n\n<h3 class=\"gb-headline gb-headline-596f06db gb-headline-text\"><strong>Ultima fase e declino<\/strong><\/h3>\n\n\n\n<p>L\u2019esplosione del reattore scaten\u00f2 in tutte le zone di influenza comunista preoccupazioni, proteste e ribellione. L\u2019iniziale noncuranza e i tentativi di insabbiamento furono i segnali di un sistema ormai logoro al suo interno, che evidenziava ora profonde differenze socio-politiche tra gli stati appartenenti al <strong><a href=\"https:\/\/www.docsity.com\/it\/search\/documenti\/?q=Patto%20di%20Varsavia\" target=\"_blank\" rel=\"noreferrer noopener\"><span class=\"has-inline-color has-accent-color\">Patto di Varsavia<\/span><\/a><\/strong>.<\/p>\n\n\n\n<p>Dalla primavera del 1989, l&#8217;URSS speriment\u00f2 per la prima volta il <strong>dibattito mediatico<\/strong>, e tenne per la prima volta <strong>elezioni multipartitiche<\/strong>. Il &#8220;nuovo pensiero&#8221; di Mosca inevitabilmente si riflett\u00e9 anche nell&#8217;Europa Orientale: l&#8217;URSS, che fino a quel momento aveva soppresso con la forza qualunque dissenso negli Stati satelliti, inizi\u00f2 a tollerare e anche a <strong>incoraggiare<\/strong> le riforme in questi Paesi.<\/p>\n\n\n\n<p>La necessit\u00e0 di rinnovamento non trov\u00f2 dovunque lo stesso entusiasmo; se Polonia e Ungheria, storicamente pi\u00f9 legate alle questioni europee e occidentali, erano le principali promotrici dello svecchiamento statale, altri stati come Bulgaria, Romania, Cecoslovacchia rifiutarono le richieste di riforme caldeggiate da Mosca.<\/p>\n\n\n\n<p>La visita di Gorba\u010d\u00ebv alla Repubblica Popolare Cinese il 15 maggio durante la prima rivoluzione del 1989, <strong>la protesta di piazza Tienanmen<\/strong>, port\u00f2 molti giornalisti a Pechino, e i loro ritratti dei dimostranti aiutarono a galvanizzare lo spirito di liberazione tra i popoli dell&#8217;Europa dell&#8217;Est che stavano guardando.<\/p>\n\n\n\n<h3><strong>Polonia e Ungheria: un nuovo vento<\/strong><\/h3>\n\n\n\n<p>Nello stesso anno l\u2019abbandono alla <strong>dottrina Bre\u017enev<\/strong>, in favore di un non interventismo politico-militare, spinse Polonia e Ucraina a rompere i legami con la dominazione sovietica. <strong>Era l\u2019alba di un vento di rivoluzione<\/strong> che attravers\u00f2 la maggior parte degli stati membri o sotto l&#8217;influenza dell\u2019Unione Sovietica, compresa la Russia due anni dopo.<\/p>\n\n\n\n<figure class=\"wp-block-image alignwide size-full\"><img loading=\"lazy\" width=\"820\" height=\"350\" src=\"https:\/\/static.docsity.com\/wordpress\/19\/2021\/12\/s4_uroczystosci_sierpniowe_z_okazji_waznych_dat_solidarnosci_1625744457_55297.jpg\" alt=\"\" class=\"wp-image-61305\" srcset=\"https:\/\/static.docsity.com\/wordpress\/19\/2021\/12\/s4_uroczystosci_sierpniowe_z_okazji_waznych_dat_solidarnosci_1625744457_55297-300x128.jpg 300w, https:\/\/static.docsity.com\/wordpress\/19\/2021\/12\/s4_uroczystosci_sierpniowe_z_okazji_waznych_dat_solidarnosci_1625744457_55297-768x328.jpg 768w, https:\/\/static.docsity.com\/wordpress\/19\/2021\/12\/s4_uroczystosci_sierpniowe_z_okazji_waznych_dat_solidarnosci_1625744457_55297.jpg 1024w, https:\/\/static.docsity.com\/wordpress\/19\/2021\/12\/s4_uroczystosci_sierpniowe_z_okazji_waznych_dat_solidarnosci_1625744457_55297.jpg 1536w, https:\/\/static.docsity.com\/wordpress\/19\/2021\/12\/s4_uroczystosci_sierpniowe_z_okazji_waznych_dat_solidarnosci_1625744457_55297.jpg 2048w, https:\/\/static.docsity.com\/wordpress\/19\/2021\/12\/s4_uroczystosci_sierpniowe_z_okazji_waznych_dat_solidarnosci_1625744457_55297.jpg 820w\" sizes=\"(max-width: 820px) 100vw, 820px\" \/><\/figure>\n\n\n\n<p>Il cambiamento inizi\u00f2 <strong>in Polonia con la prima elezione di un governo non comunista in un paese dell\u2019Europa orientale<\/strong>. Il partito <strong>Solidarno\u015b\u0107<\/strong>, ristabilito dopo i divieti e le vicende degli anni 80, vinse con percentuali bulgare. I suoi candidati conquistarono tutti i seggi possibili nella Camera dei deputati della Polonia, e 99 seggi su 100 al Senato. Molti importanti candidati comunisti non ottennero nemmeno il numero minimo di voti per accedere ai seggi a loro riservati.<\/p>\n\n\n\n<p>Il successo polacco spinse altri paesi come l\u2019<strong>Ungheria<\/strong> a seguire l\u2019esempio; in una storica seduta dal 16 ottobre al 20 ottobre, il Parlamento adott\u00f2 una legislazione che prevedeva elezioni parlamentari multipartitiche e l&#8217;elezione presidenziale diretta. Questa legislazione trasform\u00f2 l&#8217;Ungheria da Repubblica popolare a Repubblica di Ungheria, assicurando diritti civili e umani e creando una struttura istituzionale.<\/p>\n\n\n\n<h3 class=\"gb-headline gb-headline-f98360d5 gb-headline-text\"><strong>Il Muro di Berlino<\/strong><\/h3>\n\n\n\n<p><strong>Come tessere di un domino<\/strong> Germania Est, Cecoslovacchia, Bulgaria, Lettonia, Estonia, Lituania e Romania intrapresero la stessa strada di indipendenza dall\u2019Unione Sovietica.&nbsp;<\/p>\n\n\n\n<p>L\u2019apertura delle frontiere da parte dell\u2019Ungheria nell\u2019agosto del 1989 avvi\u00f2 la \u201cfuga\u201d di circa 30 mila tedeschi della Germania Est che, passando per Ungheria e Austria, poterono cos\u00ec entrare nella parte occidentale, irraggiungibile da 28 anni. <strong>Si smantellava cos\u00ec la famosa <a href=\"https:\/\/www.docsity.com\/it\/search\/documenti\/?q=Cortina%20di%20Ferro\" target=\"_blank\" rel=\"noreferrer noopener\"><span class=\"has-inline-color has-accent-color\">Cortina di Ferro<\/span><\/a><\/strong>.<\/p>\n\n\n\n<p>Cercando di superare quest\u2019impasse, la politica della Germania Est raggiunse il seguente compromesso: i profughi potevano arrivare in Occidente, ma con l&#8217;obbligo di riattraversare inizialmente la frontiera tedesco-orientale. La scelta si rivel\u00f2 un boomerang fatale per l&#8217;immagine stessa della Germania comunista; i treni contenenti i rimpatriati attraversarono senza fermarsi le stazioni tedesco-orientali, tra lo sconcerto dei concittadini.<\/p>\n\n\n\n<p>Le dimostrazioni di massa contro il governo della Germania Est iniziarono al passaggio dei primi treni provenienti dall&#8217;Ungheria e dalla Cecoslovacchia, nell&#8217;autunno del 1989. La difficile situazione interna fu inizialmente tamponata dalla decisione governativa di rilasciare permessi per viaggiare verso la Germania Ovest; alla decisione presa tuttavia non segu\u00ec l&#8217;immediata regolamentazione su alcuni punti come la data di attuazione, lasciando aperta la questione.<\/p>\n\n\n\n<figure class=\"wp-block-image alignwide size-full\"><img loading=\"lazy\" width=\"661\" height=\"498\" src=\"https:\/\/static.docsity.com\/wordpress\/19\/2021\/12\/West_and_East_Germans_at_the_Brandenburg_Gate_in_1989.jpg\" alt=\"\" class=\"wp-image-61302\" srcset=\"https:\/\/static.docsity.com\/wordpress\/19\/2021\/12\/West_and_East_Germans_at_the_Brandenburg_Gate_in_1989-300x226.jpg 300w, https:\/\/static.docsity.com\/wordpress\/19\/2021\/12\/West_and_East_Germans_at_the_Brandenburg_Gate_in_1989.jpg 1024w, https:\/\/static.docsity.com\/wordpress\/19\/2021\/12\/West_and_East_Germans_at_the_Brandenburg_Gate_in_1989.jpg 1536w, https:\/\/static.docsity.com\/wordpress\/19\/2021\/12\/West_and_East_Germans_at_the_Brandenburg_Gate_in_1989.jpg 2048w, https:\/\/static.docsity.com\/wordpress\/19\/2021\/12\/West_and_East_Germans_at_the_Brandenburg_Gate_in_1989.jpg 661w\" sizes=\"(max-width: 661px) 100vw, 661px\" \/><\/figure>\n\n\n\n<p>La mancata pianificazione di questa decisione spinse il 9 novembre 1989&nbsp;migliaia di berlinesi dell\u2019Est a riversarsi nelle strade, oltrepassando il Muro e rappresentando simbolicamente e concretamente la fine di un\u2019epoca e la nascita di una nuova Germania unita e federale.<\/p>\n\n\n\n<p><strong>Nel 2005, il Parlamento italiano ha indicato il 9 novembre come \u201cgiorno della libert\u00e0\u201d<\/strong>.<\/p>\n\n\n\n<h3 class=\"gb-headline gb-headline-5ea8bb2e gb-headline-text\"><strong>Le Rivoluzioni del 1989<\/strong><\/h3>\n\n\n\n<p>Visto il successo della Germania Est, <strong>il popolo Cecoslovacco scese in strada qualche settimana dopo<\/strong>, <a href=\"https:\/\/blog.docsity.com\/it\/vita-da-universitario\/17-novembre-la-giornata-mondiale-degli-studenti-docsity\/\" target=\"_blank\" rel=\"noreferrer noopener\"><strong><span class=\"has-inline-color has-accent-color\">come ricordato qui<\/span><\/strong><\/a>, chiedendo riforme e stabilit\u00e0. Le manifestazioni, represse dalla polizia sovietica, furono la miccia per le successive proteste che rovesciarono il sistema politico durante il periodo natalizio, portando alla nascita di un governo democratico non comunista prima della fine dell&#8217;anno.<\/p>\n\n\n\n<p>Il 10 novembre, giorno successivo alla Caduta del Muro, il Partito Comunista Bulgaro rovesci\u00f2 il leader \u017divkov con il &#8220;benestare&#8221; di Mosca. La destituzione non plac\u00f2 la popolazione che continu\u00f2 a protestare per un processo di democratizzazione. Il risultato di questa azione si vide nel giugno del 1990, con le <strong>prime elezioni libere dal 1931<\/strong>.<\/p>\n\n\n\n<p>La necessit\u00e0 di un cambiamento si avvert\u00ec anche in <strong>Romania<\/strong>, nonostante l\u2019iniziale rielezione per altri cinque anni del leader comunista <strong>Nicolae Ceau\u0219escu<\/strong>, nel novembre 1989. La strategia del dittatore era chiara e orientata a evitare i movimenti di rivolta avvenuti negli stati vicini.&nbsp;<\/p>\n\n\n\n<p>La repressione con l\u2019uso della forza dei movimenti di piazza successivi alle notizie provenienti dai paesi vicini fu il punto di non ritorno: <strong>la mattina del 22 dicembre le forze armate romene si mossero contro il Comitato Centrale<\/strong>, cercando di catturare Ceau\u0219escu e la moglie, che riuscirono a scappare in elicottero. La loro esecuzione avvenne qualche giorno dopo a seguito di un processo sommario.<\/p>\n\n\n\n<h3 class=\"gb-headline gb-headline-9b483929 gb-headline-text\"><strong>Fine di un\u2019era<\/strong><\/h3>\n\n\n\n<p>Le Rivoluzioni del 1989 avevano lasciato importanti cicatrici a Mosca e in tutta l\u2019Unione Sovietica; si verificarono agitazioni nei Paesi baltici per l&#8217;auto-determinazione che portarono, prima Lituania, poi l&#8217;Estonia e Lettonia a restaurare la loro indipendenza, perduta nel <strong>1944<\/strong>.&nbsp;<\/p>\n\n\n\n<p>Le riforme di Gorba\u010d\u00ebv erano fallite nel migliorare l&#8217;economia, e la vecchia classe dirigente sovietica si stava completamente spaccando. Una dopo l&#8217;altra, le repubbliche costituenti crearono i loro sistemi economici e votarono per subordinare le leggi sovietiche a quelle locali.<\/p>\n\n\n\n<p>La situazione geopolitica nel dicembre 1989 vide <strong>la fine della guerra fredda<\/strong>, sancita in un summit a Malta il <strong>3 dicembre 1989<\/strong>. Nel luglio successivo si diede avvio al processo di <strong>unificazione della Germania<\/strong>; un anno dopo si scioglievano il Comecon e il Patto di Varsavia.<\/p>\n\n\n\n<p>La mazzata fatale per il Paese fu il <strong>colpo di Stato del 19 agosto 1991<\/strong>; nel tentativo di fermare i rapidi cambiamenti del sistema, un gruppo di conservatori guidati da Janaev attuarono il colpo di Stato a Mosca, rovesciando Gorba\u010d\u00ebv, inizialmente dichiarato non in grado di governare per motivi di salute.<\/p>\n\n\n\n<p>Il presidente russo <strong>Boris El&#8217;cin<\/strong> guid\u00f2 l&#8217;esercito e la popolazione contro il colpo di Stato, che dovette soccombere; anche con la sua autorit\u00e0 confermata, Gorba\u010d\u00ebv aveva tuttavia perso irrimediabilmente il vecchio potere.&nbsp;<\/p>\n\n\n\n<figure class=\"wp-block-image alignwide size-full\"><img loading=\"lazy\" width=\"610\" height=\"269\" src=\"https:\/\/static.docsity.com\/wordpress\/19\/2021\/12\/eltsin.jpg\" alt=\"\" class=\"wp-image-61303\" srcset=\"https:\/\/static.docsity.com\/wordpress\/19\/2021\/12\/eltsin-300x132.jpg 300w, https:\/\/static.docsity.com\/wordpress\/19\/2021\/12\/eltsin.jpg 1024w, https:\/\/static.docsity.com\/wordpress\/19\/2021\/12\/eltsin.jpg 1536w, https:\/\/static.docsity.com\/wordpress\/19\/2021\/12\/eltsin.jpg 2048w, https:\/\/static.docsity.com\/wordpress\/19\/2021\/12\/eltsin.jpg 610w\" sizes=\"(max-width: 610px) 100vw, 610px\" \/><\/figure>\n\n\n\n<p>Nel mese di settembre fu riconosciuto il restauro dell&#8217;indipendenza ai Paesi baltici, il 1\u00ba dicembre l&#8217;Ucraina si stacc\u00f2 dall&#8217;URSS con un referendum. Il 25 dicembre la bandiera della Russia zarista sostitu\u00ec quella Rossa, che aveva sventolato per 74 anni sul Cremlino. Il 26 dicembre 1991 <strong>l&#8217;Unione Sovietica fu definitivamente sciolta<\/strong>.<\/p>\n\n\n\n<p><\/p>\n","protected":false},"excerpt":{"rendered":"<p>La fine di un impero e di un&#8217;epoca Sono trascorsi alcuni giorni dal ricordo della caduta dell&#8217;Unione Sovietica, di cui ripercorriamo le fasi in queste &#8230; <a title=\"30 anni fa il crollo dell&#8217;Unione Sovietica\" class=\"read-more\" href=\"https:\/\/blog.docsity.com\/it\/curiosita\/30-anni-fa-il-crollo-dellunione-sovietica\/\" aria-label=\"More on 30 anni fa il crollo dell&#8217;Unione Sovietica\">Leggi tutto<\/a><\/p>\n","protected":false},"author":1,"featured_media":61352,"comment_status":"closed","ping_status":"closed","sticky":false,"template":"","format":"standard","meta":{"_generate-full-width-content":""},"categories":[5873],"tags":[],"yoast_head":"<!-- This site is optimized with the Yoast SEO plugin v17.2.1 - https:\/\/yoast.com\/wordpress\/plugins\/seo\/ -->\n<title>30 anni fa il crollo dell&#039;Unione Sovietica - Blog IT<\/title>\n<meta name=\"description\" content=\"30 anni fa il crollo dell&#039;Unione Sovietica. Era la sera di Natale quando la bandiera rossa cedette il posto a quella della Federazione russa\" \/>\n<meta name=\"robots\" content=\"index, follow, max-snippet:-1, max-image-preview:large, max-video-preview:-1\" \/>\n<link rel=\"canonical\" href=\"https:\/\/blog.docsity.com\/it\/curiosita\/30-anni-fa-il-crollo-dellunione-sovietica\/\" \/>\n<meta property=\"og:locale\" content=\"it_IT\" \/>\n<meta property=\"og:type\" content=\"article\" \/>\n<meta property=\"og:title\" content=\"30 anni fa il crollo dell&#039;Unione Sovietica - Blog IT\" \/>\n<meta property=\"og:description\" content=\"30 anni fa il crollo dell&#039;Unione Sovietica. Era la sera di Natale quando la bandiera rossa cedette il posto a quella della Federazione russa\" \/>\n<meta property=\"og:url\" content=\"https:\/\/blog.docsity.com\/it\/curiosita\/30-anni-fa-il-crollo-dellunione-sovietica\/\" \/>\n<meta property=\"og:site_name\" content=\"Blog IT\" \/>\n<meta property=\"article:published_time\" content=\"2021-12-29T15:47:13+00:00\" \/>\n<meta property=\"article:modified_time\" content=\"2022-02-01T11:59:08+00:00\" \/>\n<meta property=\"og:image\" content=\"https:\/\/docsity-data.s3.eu-west-1.amazonaws.com\/wordpress\/19\/2021\/12\/bandiera-urss-e-quella-della-russia-sul-cremlino_1051765.jpg\" \/>\n\t<meta property=\"og:image:width\" content=\"1200\" \/>\n\t<meta property=\"og:image:height\" content=\"680\" \/>\n<meta name=\"twitter:card\" content=\"summary_large_image\" \/>\n<meta name=\"twitter:label1\" content=\"Scritto da\" \/>\n\t<meta name=\"twitter:data1\" content=\"Docsityofficial\" \/>\n\t<meta name=\"twitter:label2\" content=\"Tempo di lettura stimato\" \/>\n\t<meta name=\"twitter:data2\" content=\"10 minuti\" \/>\n<script type=\"application\/ld+json\" class=\"yoast-schema-graph\">{\"@context\":\"https:\/\/schema.org\",\"@graph\":[{\"@type\":\"WebSite\",\"@id\":\"https:\/\/blog.docsity.com\/it\/#website\",\"url\":\"https:\/\/blog.docsity.com\/it\/\",\"name\":\"Blog IT\",\"description\":\"Il blog di Docsity\",\"potentialAction\":[{\"@type\":\"SearchAction\",\"target\":{\"@type\":\"EntryPoint\",\"urlTemplate\":\"https:\/\/blog.docsity.com\/it\/?s={search_term_string}\"},\"query-input\":\"required name=search_term_string\"}],\"inLanguage\":\"it-IT\"},{\"@type\":\"ImageObject\",\"@id\":\"https:\/\/blog.docsity.com\/it\/curiosita\/30-anni-fa-il-crollo-dellunione-sovietica\/#primaryimage\",\"inLanguage\":\"it-IT\",\"url\":\"https:\/\/static.docsity.com\/wordpress\/19\/2021\/12\/bandiera-urss-e-quella-della-russia-sul-cremlino_1051765.jpg\",\"contentUrl\":\"https:\/\/static.docsity.com\/wordpress\/19\/2021\/12\/bandiera-urss-e-quella-della-russia-sul-cremlino_1051765.jpg\",\"width\":1200,\"height\":680},{\"@type\":\"WebPage\",\"@id\":\"https:\/\/blog.docsity.com\/it\/curiosita\/30-anni-fa-il-crollo-dellunione-sovietica\/#webpage\",\"url\":\"https:\/\/blog.docsity.com\/it\/curiosita\/30-anni-fa-il-crollo-dellunione-sovietica\/\",\"name\":\"30 anni fa il crollo dell'Unione Sovietica - Blog IT\",\"isPartOf\":{\"@id\":\"https:\/\/blog.docsity.com\/it\/#website\"},\"primaryImageOfPage\":{\"@id\":\"https:\/\/blog.docsity.com\/it\/curiosita\/30-anni-fa-il-crollo-dellunione-sovietica\/#primaryimage\"},\"datePublished\":\"2021-12-29T15:47:13+00:00\",\"dateModified\":\"2022-02-01T11:59:08+00:00\",\"author\":{\"@id\":\"https:\/\/blog.docsity.com\/it\/#\/schema\/person\/5cdcfcc90d05be05b9e19ad99e1225a6\"},\"description\":\"30 anni fa il crollo dell'Unione Sovietica. Era la sera di Natale quando la bandiera rossa cedette il posto a quella della Federazione russa\",\"breadcrumb\":{\"@id\":\"https:\/\/blog.docsity.com\/it\/curiosita\/30-anni-fa-il-crollo-dellunione-sovietica\/#breadcrumb\"},\"inLanguage\":\"it-IT\",\"potentialAction\":[{\"@type\":\"ReadAction\",\"target\":[\"https:\/\/blog.docsity.com\/it\/curiosita\/30-anni-fa-il-crollo-dellunione-sovietica\/\"]}]},{\"@type\":\"BreadcrumbList\",\"@id\":\"https:\/\/blog.docsity.com\/it\/curiosita\/30-anni-fa-il-crollo-dellunione-sovietica\/#breadcrumb\",\"itemListElement\":[{\"@type\":\"ListItem\",\"position\":1,\"name\":\"Home\",\"item\":\"https:\/\/blog.docsity.com\/it\/\"},{\"@type\":\"ListItem\",\"position\":2,\"name\":\"30 anni fa il crollo dell&#8217;Unione Sovietica\"}]},{\"@type\":\"Person\",\"@id\":\"https:\/\/blog.docsity.com\/it\/#\/schema\/person\/5cdcfcc90d05be05b9e19ad99e1225a6\",\"name\":\"Docsityofficial\",\"image\":{\"@type\":\"ImageObject\",\"@id\":\"https:\/\/blog.docsity.com\/it\/#personlogo\",\"inLanguage\":\"it-IT\",\"url\":\"https:\/\/secure.gravatar.com\/avatar\/25e51dc249911aa16387b80e2778b163?s=96&d=mm&r=g\",\"contentUrl\":\"https:\/\/secure.gravatar.com\/avatar\/25e51dc249911aa16387b80e2778b163?s=96&d=mm&r=g\",\"caption\":\"Docsityofficial\"},\"sameAs\":[\"https:\/\/blog.docsity.com\"],\"url\":\"https:\/\/blog.docsity.com\/it\/author\/admin\/\"}]}<\/script>\n<!-- \/ Yoast SEO plugin. -->","yoast_head_json":{"title":"30 anni fa il crollo dell'Unione Sovietica - Blog IT","description":"30 anni fa il crollo dell'Unione Sovietica. Era la sera di Natale quando la bandiera rossa cedette il posto a quella della Federazione russa","robots":{"index":"index","follow":"follow","max-snippet":"max-snippet:-1","max-image-preview":"max-image-preview:large","max-video-preview":"max-video-preview:-1"},"canonical":"https:\/\/blog.docsity.com\/it\/curiosita\/30-anni-fa-il-crollo-dellunione-sovietica\/","og_locale":"it_IT","og_type":"article","og_title":"30 anni fa il crollo dell'Unione Sovietica - Blog IT","og_description":"30 anni fa il crollo dell'Unione Sovietica. Era la sera di Natale quando la bandiera rossa cedette il posto a quella della Federazione russa","og_url":"https:\/\/blog.docsity.com\/it\/curiosita\/30-anni-fa-il-crollo-dellunione-sovietica\/","og_site_name":"Blog IT","article_published_time":"2021-12-29T15:47:13+00:00","article_modified_time":"2022-02-01T11:59:08+00:00","og_image":[{"width":1200,"height":680,"url":"https:\/\/docsity-data.s3.eu-west-1.amazonaws.com\/wordpress\/19\/2021\/12\/bandiera-urss-e-quella-della-russia-sul-cremlino_1051765.jpg","path":"https:\/\/docsity-data.s3.eu-west-1.amazonaws.com\/wordpress\/19\/2021\/12\/bandiera-urss-e-quella-della-russia-sul-cremlino_1051765.jpg","size":"full","id":61352,"alt":"","pixels":816000,"type":"image\/jpeg"}],"twitter_card":"summary_large_image","twitter_misc":{"Scritto da":"Docsityofficial","Tempo di lettura stimato":"10 minuti"},"schema":{"@context":"https:\/\/schema.org","@graph":[{"@type":"WebSite","@id":"https:\/\/blog.docsity.com\/it\/#website","url":"https:\/\/blog.docsity.com\/it\/","name":"Blog IT","description":"Il blog di Docsity","potentialAction":[{"@type":"SearchAction","target":{"@type":"EntryPoint","urlTemplate":"https:\/\/blog.docsity.com\/it\/?s={search_term_string}"},"query-input":"required name=search_term_string"}],"inLanguage":"it-IT"},{"@type":"ImageObject","@id":"https:\/\/blog.docsity.com\/it\/curiosita\/30-anni-fa-il-crollo-dellunione-sovietica\/#primaryimage","inLanguage":"it-IT","url":"https:\/\/static.docsity.com\/wordpress\/19\/2021\/12\/bandiera-urss-e-quella-della-russia-sul-cremlino_1051765.jpg","contentUrl":"https:\/\/static.docsity.com\/wordpress\/19\/2021\/12\/bandiera-urss-e-quella-della-russia-sul-cremlino_1051765.jpg","width":1200,"height":680},{"@type":"WebPage","@id":"https:\/\/blog.docsity.com\/it\/curiosita\/30-anni-fa-il-crollo-dellunione-sovietica\/#webpage","url":"https:\/\/blog.docsity.com\/it\/curiosita\/30-anni-fa-il-crollo-dellunione-sovietica\/","name":"30 anni fa il crollo dell'Unione Sovietica - Blog IT","isPartOf":{"@id":"https:\/\/blog.docsity.com\/it\/#website"},"primaryImageOfPage":{"@id":"https:\/\/blog.docsity.com\/it\/curiosita\/30-anni-fa-il-crollo-dellunione-sovietica\/#primaryimage"},"datePublished":"2021-12-29T15:47:13+00:00","dateModified":"2022-02-01T11:59:08+00:00","author":{"@id":"https:\/\/blog.docsity.com\/it\/#\/schema\/person\/5cdcfcc90d05be05b9e19ad99e1225a6"},"description":"30 anni fa il crollo dell'Unione Sovietica. Era la sera di Natale quando la bandiera rossa cedette il posto a quella della Federazione russa","breadcrumb":{"@id":"https:\/\/blog.docsity.com\/it\/curiosita\/30-anni-fa-il-crollo-dellunione-sovietica\/#breadcrumb"},"inLanguage":"it-IT","potentialAction":[{"@type":"ReadAction","target":["https:\/\/blog.docsity.com\/it\/curiosita\/30-anni-fa-il-crollo-dellunione-sovietica\/"]}]},{"@type":"BreadcrumbList","@id":"https:\/\/blog.docsity.com\/it\/curiosita\/30-anni-fa-il-crollo-dellunione-sovietica\/#breadcrumb","itemListElement":[{"@type":"ListItem","position":1,"name":"Home","item":"https:\/\/blog.docsity.com\/it\/"},{"@type":"ListItem","position":2,"name":"30 anni fa il crollo dell&#8217;Unione Sovietica"}]},{"@type":"Person","@id":"https:\/\/blog.docsity.com\/it\/#\/schema\/person\/5cdcfcc90d05be05b9e19ad99e1225a6","name":"Docsityofficial","image":{"@type":"ImageObject","@id":"https:\/\/blog.docsity.com\/it\/#personlogo","inLanguage":"it-IT","url":"https:\/\/secure.gravatar.com\/avatar\/25e51dc249911aa16387b80e2778b163?s=96&d=mm&r=g","contentUrl":"https:\/\/secure.gravatar.com\/avatar\/25e51dc249911aa16387b80e2778b163?s=96&d=mm&r=g","caption":"Docsityofficial"},"sameAs":["https:\/\/blog.docsity.com"],"url":"https:\/\/blog.docsity.com\/it\/author\/admin\/"}]}},"_links":{"self":[{"href":"https:\/\/blog.docsity.com\/it\/wp-json\/wp\/v2\/posts\/61275"}],"collection":[{"href":"https:\/\/blog.docsity.com\/it\/wp-json\/wp\/v2\/posts"}],"about":[{"href":"https:\/\/blog.docsity.com\/it\/wp-json\/wp\/v2\/types\/post"}],"author":[{"embeddable":true,"href":"https:\/\/blog.docsity.com\/it\/wp-json\/wp\/v2\/users\/1"}],"replies":[{"embeddable":true,"href":"https:\/\/blog.docsity.com\/it\/wp-json\/wp\/v2\/comments?post=61275"}],"version-history":[{"count":48,"href":"https:\/\/blog.docsity.com\/it\/wp-json\/wp\/v2\/posts\/61275\/revisions"}],"predecessor-version":[{"id":61598,"href":"https:\/\/blog.docsity.com\/it\/wp-json\/wp\/v2\/posts\/61275\/revisions\/61598"}],"wp:featuredmedia":[{"embeddable":true,"href":"https:\/\/blog.docsity.com\/it\/wp-json\/wp\/v2\/media\/61352"}],"wp:attachment":[{"href":"https:\/\/blog.docsity.com\/it\/wp-json\/wp\/v2\/media?parent=61275"}],"wp:term":[{"taxonomy":"category","embeddable":true,"href":"https:\/\/blog.docsity.com\/it\/wp-json\/wp\/v2\/categories?post=61275"},{"taxonomy":"post_tag","embeddable":true,"href":"https:\/\/blog.docsity.com\/it\/wp-json\/wp\/v2\/tags?post=61275"}],"curies":[{"name":"wp","href":"https:\/\/api.w.org\/{rel}","templated":true}]}}